{"id":8056,"date":"2025-11-06T14:53:27","date_gmt":"2025-11-06T18:53:27","guid":{"rendered":"https:\/\/www.vouga.com.py\/?p=8056"},"modified":"2025-11-06T16:30:35","modified_gmt":"2025-11-06T20:30:35","slug":"sancion-de-la-ley-de-proteccion-de-datos-personales-el-senado-se-ratifica-en-su-version","status":"publish","type":"post","link":"https:\/\/www.vouga.com.py\/en\/sancion-de-la-ley-de-proteccion-de-datos-personales-el-senado-se-ratifica-en-su-version\/","title":{"rendered":"Sanci\u00f3n de la Ley de Protecci\u00f3n de Datos Personales\u00a0"},"content":{"rendered":"<p>En sesi\u00f3n del 5 de noviembre de 2025, el Senado se ratific\u00f3 en su versi\u00f3n del Proyecto de Ley de Protecci\u00f3n de Datos Personales, quedando as\u00ed sancionada la normativa. Con ello finaliza un proceso iniciado en mayo de 2021, cuando la propuesta legislativa inici\u00f3 su tr\u00e1mite constitucional ante la C\u00e1mara de Diputados.&nbsp;<\/p>\n\n\n\n<p>La nueva ley define un marco regulatorio integral para el tratamiento de datos personales en Paraguay, incorporando principios y obligaciones alineados con pr\u00e1cticas internacionales en materia de protecci\u00f3n de la privacidad y gesti\u00f3n de informaci\u00f3n.&nbsp;<\/p>\n\n\n\n<p>El texto ser\u00e1 remitido al Poder Ejecutivo para su promulgaci\u00f3n.<\/p>\n\n\n\n<p>Acceda al expediente legislativo <a href=\"https:\/\/us-east-2.protection.sophos.com\/?d=congreso.gov.py&amp;u=aHR0cHM6Ly9zaWxweS5jb25ncmVzby5nb3YucHkvd2ViL2V4cGVkaWVudGUvMTIzNDU5&amp;p=m&amp;i=NWRjZWVkOWFmODYwMDgwZGFjYjZjYjI5&amp;t=cG5mNTNnb0NDenN3MW44QVdZT25rRzVxRE1ZZzR5YnhJWTR3Qk5IS1Brdz0=&amp;h=ba8c4711e45f42139e6ec6ad5bdf468f&amp;s=AVNPUEhUT0NFTkNSWVBUSVYoih73thfrUI8447iSk14arblyyECdgBvs07kS4l-u9g\" target=\"_blank\" rel=\"noreferrer noopener\">\u00a0here<\/a>.<\/p>\n\n\n\n<p><a href=\"https:\/\/www.vouga.com.py\/wp-content\/uploads\/2025\/11\/Ley-de-Proteccion-de-Datos-Personales-Texto-Aprobado.pdf\" target=\"_blank\" rel=\"noreferrer noopener\">Texto sancionado aqu\u00ed<\/a>.<\/p>\n\n\n\n<p><\/p>","protected":false},"excerpt":{"rendered":"<p>En sesi\u00f3n del 5 de noviembre de 2025, el Senado se ratific\u00f3 en su versi\u00f3n del Proyecto de Ley de Protecci\u00f3n de Datos Personales, quedando as\u00ed sancionada la normativa. Con ello finaliza un proceso iniciado en mayo de 2021, cuando la propuesta legislativa inici\u00f3 su tr\u00e1mite constitucional ante la C\u00e1mara de Diputados.&nbsp; La nueva ley [&hellip;]<\/p>","protected":false},"author":1,"featured_media":8058,"comment_status":"closed","ping_status":"closed","sticky":false,"template":"","format":"standard","meta":{"_acf_changed":false,"iawp_total_views":5,"footnotes":""},"categories":[1],"tags":[],"class_list":["post-8056","post","type-post","status-publish","format-standard","has-post-thumbnail","hentry","category-uncategorized"],"acf":[],"yoast_head":"<!-- This site is optimized with the Yoast SEO plugin v25.9 - https:\/\/yoast.com\/wordpress\/plugins\/seo\/ -->\n<title>Sanci\u00f3n de la Ley de Protecci\u00f3n de Datos Personales\u00a0 - Vouga Abogados<\/title>\n<meta name=\"robots\" content=\"index, follow, max-snippet:-1, max-image-preview:large, max-video-preview:-1\" \/>\n<link rel=\"canonical\" href=\"https:\/\/www.vouga.com.py\/en\/sancion-de-la-ley-de-proteccion-de-datos-personales-el-senado-se-ratifica-en-su-version\/\" \/>\n<meta property=\"og:locale\" content=\"en_US\" \/>\n<meta property=\"og:type\" content=\"article\" \/>\n<meta property=\"og:title\" content=\"Sanci\u00f3n de la Ley de Protecci\u00f3n de Datos Personales\u00a0 - Vouga Abogados\" \/>\n<meta property=\"og:description\" content=\"En sesi\u00f3n del 5 de noviembre de 2025, el Senado se ratific\u00f3 en su versi\u00f3n del Proyecto de Ley de Protecci\u00f3n de Datos Personales, quedando as\u00ed sancionada la normativa. Con ello finaliza un proceso iniciado en mayo de 2021, cuando la propuesta legislativa inici\u00f3 su tr\u00e1mite constitucional ante la C\u00e1mara de Diputados.&nbsp; La nueva ley [&hellip;]\" \/>\n<meta property=\"og:url\" content=\"https:\/\/www.vouga.com.py\/en\/sancion-de-la-ley-de-proteccion-de-datos-personales-el-senado-se-ratifica-en-su-version\/\" \/>\n<meta property=\"og:site_name\" content=\"Vouga Abogados\" \/>\n<meta property=\"article:published_time\" content=\"2025-11-06T18:53:27+00:00\" \/>\n<meta property=\"article:modified_time\" content=\"2025-11-06T20:30:35+00:00\" \/>\n<meta property=\"og:image\" content=\"https:\/\/www.vouga.com.py\/wp-content\/uploads\/2025\/11\/BANNER-VOUGA-100.jpg\" \/>\n\t<meta property=\"og:image:width\" content=\"1921\" \/>\n\t<meta property=\"og:image:height\" content=\"835\" \/>\n\t<meta property=\"og:image:type\" content=\"image\/jpeg\" \/>\n<meta name=\"author\" content=\"dev_\" \/>\n<meta name=\"twitter:card\" content=\"summary_large_image\" \/>\n<meta name=\"twitter:label1\" content=\"Written by\" \/>\n\t<meta name=\"twitter:data1\" content=\"dev_\" \/>\n\t<meta name=\"twitter:label2\" content=\"Est. reading time\" \/>\n\t<meta name=\"twitter:data2\" content=\"1 minute\" \/>\n<script type=\"application\/ld+json\" class=\"yoast-schema-graph\">{\"@context\":\"https:\/\/schema.org\",\"@graph\":[{\"@type\":\"WebPage\",\"@id\":\"https:\/\/www.vouga.com.py\/sancion-de-la-ley-de-proteccion-de-datos-personales-el-senado-se-ratifica-en-su-version\/\",\"url\":\"https:\/\/www.vouga.com.py\/sancion-de-la-ley-de-proteccion-de-datos-personales-el-senado-se-ratifica-en-su-version\/\",\"name\":\"Sanci\u00f3n de la Ley de Protecci\u00f3n de Datos Personales\u00a0 - Vouga Abogados\",\"isPartOf\":{\"@id\":\"https:\/\/www.vouga.com.py\/#website\"},\"primaryImageOfPage\":{\"@id\":\"https:\/\/www.vouga.com.py\/sancion-de-la-ley-de-proteccion-de-datos-personales-el-senado-se-ratifica-en-su-version\/#primaryimage\"},\"image\":{\"@id\":\"https:\/\/www.vouga.com.py\/sancion-de-la-ley-de-proteccion-de-datos-personales-el-senado-se-ratifica-en-su-version\/#primaryimage\"},\"thumbnailUrl\":\"https:\/\/www.vouga.com.py\/wp-content\/uploads\/2025\/11\/BANNER-VOUGA-100.jpg\",\"datePublished\":\"2025-11-06T18:53:27+00:00\",\"dateModified\":\"2025-11-06T20:30:35+00:00\",\"author\":{\"@id\":\"https:\/\/www.vouga.com.py\/#\/schema\/person\/46cc2252086d4c4e5986413563b4caf5\"},\"breadcrumb\":{\"@id\":\"https:\/\/www.vouga.com.py\/sancion-de-la-ley-de-proteccion-de-datos-personales-el-senado-se-ratifica-en-su-version\/#breadcrumb\"},\"inLanguage\":\"en-US\",\"potentialAction\":[{\"@type\":\"ReadAction\",\"target\":[\"https:\/\/www.vouga.com.py\/sancion-de-la-ley-de-proteccion-de-datos-personales-el-senado-se-ratifica-en-su-version\/\"]}]},{\"@type\":\"ImageObject\",\"inLanguage\":\"en-US\",\"@id\":\"https:\/\/www.vouga.com.py\/sancion-de-la-ley-de-proteccion-de-datos-personales-el-senado-se-ratifica-en-su-version\/#primaryimage\",\"url\":\"https:\/\/www.vouga.com.py\/wp-content\/uploads\/2025\/11\/BANNER-VOUGA-100.jpg\",\"contentUrl\":\"https:\/\/www.vouga.com.py\/wp-content\/uploads\/2025\/11\/BANNER-VOUGA-100.jpg\",\"width\":1921,\"height\":835},{\"@type\":\"BreadcrumbList\",\"@id\":\"https:\/\/www.vouga.com.py\/sancion-de-la-ley-de-proteccion-de-datos-personales-el-senado-se-ratifica-en-su-version\/#breadcrumb\",\"itemListElement\":[{\"@type\":\"ListItem\",\"position\":1,\"name\":\"Portada\",\"item\":\"https:\/\/www.vouga.com.py\/\"},{\"@type\":\"ListItem\",\"position\":2,\"name\":\"Sanci\u00f3n de la Ley de Protecci\u00f3n de Datos Personales\u00a0\"}]},{\"@type\":\"WebSite\",\"@id\":\"https:\/\/www.vouga.com.py\/#website\",\"url\":\"https:\/\/www.vouga.com.py\/\",\"name\":\"Vouga Abogados\",\"description\":\"\",\"potentialAction\":[{\"@type\":\"SearchAction\",\"target\":{\"@type\":\"EntryPoint\",\"urlTemplate\":\"https:\/\/www.vouga.com.py\/?s={search_term_string}\"},\"query-input\":{\"@type\":\"PropertyValueSpecification\",\"valueRequired\":true,\"valueName\":\"search_term_string\"}}],\"inLanguage\":\"en-US\"},{\"@type\":\"Person\",\"@id\":\"https:\/\/www.vouga.com.py\/#\/schema\/person\/46cc2252086d4c4e5986413563b4caf5\",\"name\":\"dev_\",\"sameAs\":[\"https:\/\/www.vouga.com.py\"],\"url\":\"https:\/\/www.vouga.com.py\/en\/author\/dev_\/\"}]}<\/script>\n<!-- \/ Yoast SEO plugin. -->","yoast_head_json":{"title":"Sanci\u00f3n de la Ley de Protecci\u00f3n de Datos Personales\u00a0 - Vouga Abogados","robots":{"index":"index","follow":"follow","max-snippet":"max-snippet:-1","max-image-preview":"max-image-preview:large","max-video-preview":"max-video-preview:-1"},"canonical":"https:\/\/www.vouga.com.py\/en\/sancion-de-la-ley-de-proteccion-de-datos-personales-el-senado-se-ratifica-en-su-version\/","og_locale":"en_US","og_type":"article","og_title":"Sanci\u00f3n de la Ley de Protecci\u00f3n de Datos Personales\u00a0 - Vouga Abogados","og_description":"En sesi\u00f3n del 5 de noviembre de 2025, el Senado se ratific\u00f3 en su versi\u00f3n del Proyecto de Ley de Protecci\u00f3n de Datos Personales, quedando as\u00ed sancionada la normativa. Con ello finaliza un proceso iniciado en mayo de 2021, cuando la propuesta legislativa inici\u00f3 su tr\u00e1mite constitucional ante la C\u00e1mara de Diputados.&nbsp; La nueva ley [&hellip;]","og_url":"https:\/\/www.vouga.com.py\/en\/sancion-de-la-ley-de-proteccion-de-datos-personales-el-senado-se-ratifica-en-su-version\/","og_site_name":"Vouga Abogados","article_published_time":"2025-11-06T18:53:27+00:00","article_modified_time":"2025-11-06T20:30:35+00:00","og_image":[{"width":1921,"height":835,"url":"https:\/\/www.vouga.com.py\/wp-content\/uploads\/2025\/11\/BANNER-VOUGA-100.jpg","type":"image\/jpeg"}],"author":"dev_","twitter_card":"summary_large_image","twitter_misc":{"Written by":"dev_","Est. reading time":"1 minute"},"schema":{"@context":"https:\/\/schema.org","@graph":[{"@type":"WebPage","@id":"https:\/\/www.vouga.com.py\/sancion-de-la-ley-de-proteccion-de-datos-personales-el-senado-se-ratifica-en-su-version\/","url":"https:\/\/www.vouga.com.py\/sancion-de-la-ley-de-proteccion-de-datos-personales-el-senado-se-ratifica-en-su-version\/","name":"Sanci\u00f3n de la Ley de Protecci\u00f3n de Datos Personales\u00a0 - Vouga Abogados","isPartOf":{"@id":"https:\/\/www.vouga.com.py\/#website"},"primaryImageOfPage":{"@id":"https:\/\/www.vouga.com.py\/sancion-de-la-ley-de-proteccion-de-datos-personales-el-senado-se-ratifica-en-su-version\/#primaryimage"},"image":{"@id":"https:\/\/www.vouga.com.py\/sancion-de-la-ley-de-proteccion-de-datos-personales-el-senado-se-ratifica-en-su-version\/#primaryimage"},"thumbnailUrl":"https:\/\/www.vouga.com.py\/wp-content\/uploads\/2025\/11\/BANNER-VOUGA-100.jpg","datePublished":"2025-11-06T18:53:27+00:00","dateModified":"2025-11-06T20:30:35+00:00","author":{"@id":"https:\/\/www.vouga.com.py\/#\/schema\/person\/46cc2252086d4c4e5986413563b4caf5"},"breadcrumb":{"@id":"https:\/\/www.vouga.com.py\/sancion-de-la-ley-de-proteccion-de-datos-personales-el-senado-se-ratifica-en-su-version\/#breadcrumb"},"inLanguage":"en-US","potentialAction":[{"@type":"ReadAction","target":["https:\/\/www.vouga.com.py\/sancion-de-la-ley-de-proteccion-de-datos-personales-el-senado-se-ratifica-en-su-version\/"]}]},{"@type":"ImageObject","inLanguage":"en-US","@id":"https:\/\/www.vouga.com.py\/sancion-de-la-ley-de-proteccion-de-datos-personales-el-senado-se-ratifica-en-su-version\/#primaryimage","url":"https:\/\/www.vouga.com.py\/wp-content\/uploads\/2025\/11\/BANNER-VOUGA-100.jpg","contentUrl":"https:\/\/www.vouga.com.py\/wp-content\/uploads\/2025\/11\/BANNER-VOUGA-100.jpg","width":1921,"height":835},{"@type":"BreadcrumbList","@id":"https:\/\/www.vouga.com.py\/sancion-de-la-ley-de-proteccion-de-datos-personales-el-senado-se-ratifica-en-su-version\/#breadcrumb","itemListElement":[{"@type":"ListItem","position":1,"name":"Portada","item":"https:\/\/www.vouga.com.py\/"},{"@type":"ListItem","position":2,"name":"Sanci\u00f3n de la Ley de Protecci\u00f3n de Datos Personales\u00a0"}]},{"@type":"WebSite","@id":"https:\/\/www.vouga.com.py\/#website","url":"https:\/\/www.vouga.com.py\/","name":"Vouga Abogados","description":"","potentialAction":[{"@type":"SearchAction","target":{"@type":"EntryPoint","urlTemplate":"https:\/\/www.vouga.com.py\/?s={search_term_string}"},"query-input":{"@type":"PropertyValueSpecification","valueRequired":true,"valueName":"search_term_string"}}],"inLanguage":"en-US"},{"@type":"Person","@id":"https:\/\/www.vouga.com.py\/#\/schema\/person\/46cc2252086d4c4e5986413563b4caf5","name":"dev_","sameAs":["https:\/\/www.vouga.com.py"],"url":"https:\/\/www.vouga.com.py\/en\/author\/dev_\/"}]}},"_links":{"self":[{"href":"https:\/\/www.vouga.com.py\/en\/wp-json\/wp\/v2\/posts\/8056","targetHints":{"allow":["GET"]}}],"collection":[{"href":"https:\/\/www.vouga.com.py\/en\/wp-json\/wp\/v2\/posts"}],"about":[{"href":"https:\/\/www.vouga.com.py\/en\/wp-json\/wp\/v2\/types\/post"}],"author":[{"embeddable":true,"href":"https:\/\/www.vouga.com.py\/en\/wp-json\/wp\/v2\/users\/1"}],"replies":[{"embeddable":true,"href":"https:\/\/www.vouga.com.py\/en\/wp-json\/wp\/v2\/comments?post=8056"}],"version-history":[{"count":3,"href":"https:\/\/www.vouga.com.py\/en\/wp-json\/wp\/v2\/posts\/8056\/revisions"}],"predecessor-version":[{"id":8062,"href":"https:\/\/www.vouga.com.py\/en\/wp-json\/wp\/v2\/posts\/8056\/revisions\/8062"}],"wp:featuredmedia":[{"embeddable":true,"href":"https:\/\/www.vouga.com.py\/en\/wp-json\/wp\/v2\/media\/8058"}],"wp:attachment":[{"href":"https:\/\/www.vouga.com.py\/en\/wp-json\/wp\/v2\/media?parent=8056"}],"wp:term":[{"taxonomy":"category","embeddable":true,"href":"https:\/\/www.vouga.com.py\/en\/wp-json\/wp\/v2\/categories?post=8056"},{"taxonomy":"post_tag","embeddable":true,"href":"https:\/\/www.vouga.com.py\/en\/wp-json\/wp\/v2\/tags?post=8056"}],"curies":[{"name":"wp","href":"https:\/\/api.w.org\/{rel}","templated":true}]}}