{"id":8760,"date":"2026-08-25T09:14:11","date_gmt":"2026-08-25T13:14:11","guid":{"rendered":"https:\/\/www.vouga.com.py\/?post_type=noticias-institu&#038;p=8760"},"modified":"2026-08-31T09:19:37","modified_gmt":"2026-08-31T13:19:37","slug":"xxiii-congreso-iberoamericano-de-derecho-del-trabajo-y-de-la-seguridad-social","status":"publish","type":"noticias-institu","link":"https:\/\/www.vouga.com.py\/en\/noticias-institucionales\/xxiii-congreso-iberoamericano-de-derecho-del-trabajo-y-de-la-seguridad-social\/","title":{"rendered":"XXIII Ibero-American Congress on Labour and Social Security Law\u00a0"},"content":{"rendered":"<p class=\"wp-block-paragraph\">Our Senior Associate <a href=\"https:\/\/www.linkedin.com\/in\/antonella-llamas-603a5a110\/\" target=\"_blank\" rel=\"noreferrer noopener\"><strong>Antonella Llamas<\/strong><\/a> participated as moderator of the panel \u201cFreedom of Association, Collective Bargaining and Collective Action in the Platform Economy\u201d at the XXIII Ibero-American Congress on Labour and Social Security Law, held in Asunci\u00f3n.<br>\u00a0<br>Over three days, the Congress brought together legal practitioners, judges and researchers from across Ibero-America to discuss the challenges of digital work and social security in the algorithmic age.<br><br>Through the participation of our team in forums like this, we continue to strengthen our presence in the conversations shaping the future of labour law.<\/p>","protected":false},"featured_media":8763,"template":"","class_list":["post-8760","noticias-institu","type-noticias-institu","status-publish","has-post-thumbnail","hentry"],"acf":[],"yoast_head":"<!-- This site is optimized with the Yoast SEO plugin v25.9 - https:\/\/yoast.com\/wordpress\/plugins\/seo\/ -->\n<title>XXIII Congreso Iberoamericano de Derecho del Trabajo y de la Seguridad Social\u00a0 - Vouga Abogados<\/title>\n<meta name=\"robots\" content=\"index, follow, max-snippet:-1, max-image-preview:large, max-video-preview:-1\" \/>\n<link rel=\"canonical\" href=\"https:\/\/www.vouga.com.py\/en\/noticias-institucionales\/xxiii-congreso-iberoamericano-de-derecho-del-trabajo-y-de-la-seguridad-social\/\" \/>\n<meta property=\"og:locale\" content=\"en_US\" \/>\n<meta property=\"og:type\" content=\"article\" \/>\n<meta property=\"og:title\" content=\"XXIII Congreso Iberoamericano de Derecho del Trabajo y de la Seguridad Social\u00a0 - Vouga Abogados\" \/>\n<meta property=\"og:description\" content=\"Nuestra asociada senior Antonella Llamas particip\u00f3 como moderadora en el panel \u00abLibertad sindical, negociaci\u00f3n colectiva y acci\u00f3n colectiva en la econom\u00eda de plataformas\u00bb del XXIII Congreso Iberoamericano de Derecho del Trabajo y de la Seguridad Social celebrado en Asunci\u00f3n.\u00a0El congreso reuni\u00f3 durante tres jornadas a juristas, magistrados e investigadores de toda Iberoam\u00e9rica para analizar los [&hellip;]\" \/>\n<meta property=\"og:url\" content=\"https:\/\/www.vouga.com.py\/en\/noticias-institucionales\/xxiii-congreso-iberoamericano-de-derecho-del-trabajo-y-de-la-seguridad-social\/\" \/>\n<meta property=\"og:site_name\" content=\"Vouga Abogados\" \/>\n<meta property=\"article:modified_time\" content=\"2026-08-31T13:19:37+00:00\" \/>\n<meta property=\"og:image\" content=\"https:\/\/www.vouga.com.py\/wp-content\/uploads\/2026\/08\/Noticia-02@3x-174.jpg\" \/>\n\t<meta property=\"og:image:width\" content=\"2341\" \/>\n\t<meta property=\"og:image:height\" content=\"1077\" \/>\n\t<meta property=\"og:image:type\" content=\"image\/jpeg\" \/>\n<meta name=\"twitter:card\" content=\"summary_large_image\" \/>\n<meta name=\"twitter:label1\" content=\"Est. reading time\" \/>\n\t<meta name=\"twitter:data1\" content=\"1 minute\" \/>\n<script type=\"application\/ld+json\" class=\"yoast-schema-graph\">{\"@context\":\"https:\/\/schema.org\",\"@graph\":[{\"@type\":\"WebPage\",\"@id\":\"https:\/\/www.vouga.com.py\/noticias-institucionales\/xxiii-congreso-iberoamericano-de-derecho-del-trabajo-y-de-la-seguridad-social\/\",\"url\":\"https:\/\/www.vouga.com.py\/noticias-institucionales\/xxiii-congreso-iberoamericano-de-derecho-del-trabajo-y-de-la-seguridad-social\/\",\"name\":\"XXIII Congreso Iberoamericano de Derecho del Trabajo y de la Seguridad Social\u00a0 - Vouga Abogados\",\"isPartOf\":{\"@id\":\"https:\/\/www.vouga.com.py\/#website\"},\"primaryImageOfPage\":{\"@id\":\"https:\/\/www.vouga.com.py\/noticias-institucionales\/xxiii-congreso-iberoamericano-de-derecho-del-trabajo-y-de-la-seguridad-social\/#primaryimage\"},\"image\":{\"@id\":\"https:\/\/www.vouga.com.py\/noticias-institucionales\/xxiii-congreso-iberoamericano-de-derecho-del-trabajo-y-de-la-seguridad-social\/#primaryimage\"},\"thumbnailUrl\":\"https:\/\/www.vouga.com.py\/wp-content\/uploads\/2026\/08\/Noticia-02@3x-174.jpg\",\"datePublished\":\"2026-08-25T13:14:11+00:00\",\"dateModified\":\"2026-08-31T13:19:37+00:00\",\"breadcrumb\":{\"@id\":\"https:\/\/www.vouga.com.py\/noticias-institucionales\/xxiii-congreso-iberoamericano-de-derecho-del-trabajo-y-de-la-seguridad-social\/#breadcrumb\"},\"inLanguage\":\"en-US\",\"potentialAction\":[{\"@type\":\"ReadAction\",\"target\":[\"https:\/\/www.vouga.com.py\/noticias-institucionales\/xxiii-congreso-iberoamericano-de-derecho-del-trabajo-y-de-la-seguridad-social\/\"]}]},{\"@type\":\"ImageObject\",\"inLanguage\":\"en-US\",\"@id\":\"https:\/\/www.vouga.com.py\/noticias-institucionales\/xxiii-congreso-iberoamericano-de-derecho-del-trabajo-y-de-la-seguridad-social\/#primaryimage\",\"url\":\"https:\/\/www.vouga.com.py\/wp-content\/uploads\/2026\/08\/Noticia-02@3x-174.jpg\",\"contentUrl\":\"https:\/\/www.vouga.com.py\/wp-content\/uploads\/2026\/08\/Noticia-02@3x-174.jpg\",\"width\":2341,\"height\":1077},{\"@type\":\"BreadcrumbList\",\"@id\":\"https:\/\/www.vouga.com.py\/noticias-institucionales\/xxiii-congreso-iberoamericano-de-derecho-del-trabajo-y-de-la-seguridad-social\/#breadcrumb\",\"itemListElement\":[{\"@type\":\"ListItem\",\"position\":1,\"name\":\"Portada\",\"item\":\"https:\/\/www.vouga.com.py\/\"},{\"@type\":\"ListItem\",\"position\":2,\"name\":\"Noticias institucionales\",\"item\":\"https:\/\/www.vouga.com.py\/noticias-institucionales\/\"},{\"@type\":\"ListItem\",\"position\":3,\"name\":\"XXIII Congreso Iberoamericano de Derecho del Trabajo y de la Seguridad Social\u00a0\"}]},{\"@type\":\"WebSite\",\"@id\":\"https:\/\/www.vouga.com.py\/#website\",\"url\":\"https:\/\/www.vouga.com.py\/\",\"name\":\"Vouga Abogados\",\"description\":\"\",\"potentialAction\":[{\"@type\":\"SearchAction\",\"target\":{\"@type\":\"EntryPoint\",\"urlTemplate\":\"https:\/\/www.vouga.com.py\/?s={search_term_string}\"},\"query-input\":{\"@type\":\"PropertyValueSpecification\",\"valueRequired\":true,\"valueName\":\"search_term_string\"}}],\"inLanguage\":\"en-US\"}]}<\/script>\n<!-- \/ Yoast SEO plugin. -->","yoast_head_json":{"title":"XXIII Congreso Iberoamericano de Derecho del Trabajo y de la Seguridad Social\u00a0 - Vouga Abogados","robots":{"index":"index","follow":"follow","max-snippet":"max-snippet:-1","max-image-preview":"max-image-preview:large","max-video-preview":"max-video-preview:-1"},"canonical":"https:\/\/www.vouga.com.py\/en\/noticias-institucionales\/xxiii-congreso-iberoamericano-de-derecho-del-trabajo-y-de-la-seguridad-social\/","og_locale":"en_US","og_type":"article","og_title":"XXIII Congreso Iberoamericano de Derecho del Trabajo y de la Seguridad Social\u00a0 - Vouga Abogados","og_description":"Nuestra asociada senior Antonella Llamas particip\u00f3 como moderadora en el panel \u00abLibertad sindical, negociaci\u00f3n colectiva y acci\u00f3n colectiva en la econom\u00eda de plataformas\u00bb del XXIII Congreso Iberoamericano de Derecho del Trabajo y de la Seguridad Social celebrado en Asunci\u00f3n.\u00a0El congreso reuni\u00f3 durante tres jornadas a juristas, magistrados e investigadores de toda Iberoam\u00e9rica para analizar los [&hellip;]","og_url":"https:\/\/www.vouga.com.py\/en\/noticias-institucionales\/xxiii-congreso-iberoamericano-de-derecho-del-trabajo-y-de-la-seguridad-social\/","og_site_name":"Vouga Abogados","article_modified_time":"2026-08-31T13:19:37+00:00","og_image":[{"width":2341,"height":1077,"url":"https:\/\/www.vouga.com.py\/wp-content\/uploads\/2026\/08\/Noticia-02@3x-174.jpg","type":"image\/jpeg"}],"twitter_card":"summary_large_image","twitter_misc":{"Est. reading time":"1 minute"},"schema":{"@context":"https:\/\/schema.org","@graph":[{"@type":"WebPage","@id":"https:\/\/www.vouga.com.py\/noticias-institucionales\/xxiii-congreso-iberoamericano-de-derecho-del-trabajo-y-de-la-seguridad-social\/","url":"https:\/\/www.vouga.com.py\/noticias-institucionales\/xxiii-congreso-iberoamericano-de-derecho-del-trabajo-y-de-la-seguridad-social\/","name":"XXIII Congreso Iberoamericano de Derecho del Trabajo y de la Seguridad Social\u00a0 - Vouga Abogados","isPartOf":{"@id":"https:\/\/www.vouga.com.py\/#website"},"primaryImageOfPage":{"@id":"https:\/\/www.vouga.com.py\/noticias-institucionales\/xxiii-congreso-iberoamericano-de-derecho-del-trabajo-y-de-la-seguridad-social\/#primaryimage"},"image":{"@id":"https:\/\/www.vouga.com.py\/noticias-institucionales\/xxiii-congreso-iberoamericano-de-derecho-del-trabajo-y-de-la-seguridad-social\/#primaryimage"},"thumbnailUrl":"https:\/\/www.vouga.com.py\/wp-content\/uploads\/2026\/08\/Noticia-02@3x-174.jpg","datePublished":"2026-08-25T13:14:11+00:00","dateModified":"2026-08-31T13:19:37+00:00","breadcrumb":{"@id":"https:\/\/www.vouga.com.py\/noticias-institucionales\/xxiii-congreso-iberoamericano-de-derecho-del-trabajo-y-de-la-seguridad-social\/#breadcrumb"},"inLanguage":"en-US","potentialAction":[{"@type":"ReadAction","target":["https:\/\/www.vouga.com.py\/noticias-institucionales\/xxiii-congreso-iberoamericano-de-derecho-del-trabajo-y-de-la-seguridad-social\/"]}]},{"@type":"ImageObject","inLanguage":"en-US","@id":"https:\/\/www.vouga.com.py\/noticias-institucionales\/xxiii-congreso-iberoamericano-de-derecho-del-trabajo-y-de-la-seguridad-social\/#primaryimage","url":"https:\/\/www.vouga.com.py\/wp-content\/uploads\/2026\/08\/Noticia-02@3x-174.jpg","contentUrl":"https:\/\/www.vouga.com.py\/wp-content\/uploads\/2026\/08\/Noticia-02@3x-174.jpg","width":2341,"height":1077},{"@type":"BreadcrumbList","@id":"https:\/\/www.vouga.com.py\/noticias-institucionales\/xxiii-congreso-iberoamericano-de-derecho-del-trabajo-y-de-la-seguridad-social\/#breadcrumb","itemListElement":[{"@type":"ListItem","position":1,"name":"Portada","item":"https:\/\/www.vouga.com.py\/"},{"@type":"ListItem","position":2,"name":"Noticias institucionales","item":"https:\/\/www.vouga.com.py\/noticias-institucionales\/"},{"@type":"ListItem","position":3,"name":"XXIII Congreso Iberoamericano de Derecho del Trabajo y de la Seguridad Social\u00a0"}]},{"@type":"WebSite","@id":"https:\/\/www.vouga.com.py\/#website","url":"https:\/\/www.vouga.com.py\/","name":"Vouga Abogados","description":"","potentialAction":[{"@type":"SearchAction","target":{"@type":"EntryPoint","urlTemplate":"https:\/\/www.vouga.com.py\/?s={search_term_string}"},"query-input":{"@type":"PropertyValueSpecification","valueRequired":true,"valueName":"search_term_string"}}],"inLanguage":"en-US"}]}},"_links":{"self":[{"href":"https:\/\/www.vouga.com.py\/en\/wp-json\/wp\/v2\/noticias-institu\/8760","targetHints":{"allow":["GET"]}}],"collection":[{"href":"https:\/\/www.vouga.com.py\/en\/wp-json\/wp\/v2\/noticias-institu"}],"about":[{"href":"https:\/\/www.vouga.com.py\/en\/wp-json\/wp\/v2\/types\/noticias-institu"}],"wp:featuredmedia":[{"embeddable":true,"href":"https:\/\/www.vouga.com.py\/en\/wp-json\/wp\/v2\/media\/8763"}],"wp:attachment":[{"href":"https:\/\/www.vouga.com.py\/en\/wp-json\/wp\/v2\/media?parent=8760"}],"curies":[{"name":"wp","href":"https:\/\/api.w.org\/{rel}","templated":true}]}}